{"provider_url": "https://www.caracarai.rr.leg.br", "title": "Perguntas Frequentes", "html": "<p><img alt=\"FAQ\" class=\"image-right\" src=\"imagens/faq-logo.png/image_thumb\" /></p>\r\n<h2>Perguntas</h2>\r\n<h3>1. Qual o endere\u00e7o da C\u00e2mara Municipal de Caracara\u00ed?<br />2. Qual o hor\u00e1rio de atendimento da C\u00e2mara Municipal?<br />3. Quando s\u00e3o realizadas as Sess\u00f5es Ordin\u00e1rias?<br />4. Como chegar \u00e0 C\u00e2mara Municipal de Caracara\u00ed<span>?</span></h3>\r\n<h3>5. O que \u00e9 Legislatura?<br />6. O que \u00e9 Sess\u00e3o Legislativa?</h3>\r\n<p><span>Respostas</span></p>\r\n<p><span></span><span>1. Qual o endere\u00e7o da C\u00e2mara Municipal de Caracara\u00ed?</span></p>\r\n<p><strong><strong>Pra\u00e7a do Centro C\u00edvico, S/N\u00ba</strong>\u00a0- Caracara\u00ed - RR - CEP: 69360.000</strong></p>\r\n<p><strong></strong><span>2. Qual o hor\u00e1rio de atendimento da C\u00e2mara Municipal</span></p>\r\n<p><strong>Segunda a sexta-feira, das 7:30h \u00e0s 13:30h.</strong></p>\r\n<p><strong></strong><span>3. Quando s\u00e3o realizadas as Sess\u00f5es Ordin\u00e1rias?</span></p>\r\n<p><strong>Toda Segunda Feira as 18hrs no Plen\u00e1rio da C\u00e2mara Municipal.</strong></p>\r\n<p><strong></strong><span>4. Como chegar \u00e0 C\u00e2mara Municipal de Caracara\u00ed?</span></p>\r\n<p><strong>Pra\u00e7a do Centro C\u00edvico, S/N\u00ba - Caracara\u00ed - RR</strong><iframe src=\"https://www.google.com/maps/embed?pb=!1m18!1m12!1m3!1d569.632592904211!2d-61.12572081185948!3d1.8274652044723414!2m3!1f0!2f0!3f0!3m2!1i1024!2i768!4f13.1!3m3!1m2!1s0x8d8d39c28ca56743%3A0xd94c0459818b47ce!2sC%C3%A2mara%20de%20Vereadores%20de%20Caracara%C3%AD!5e1!3m2!1spt-BR!2sbr!4v1757605514693!5m2!1spt-BR!2sbr\" width=\"100%\" height=\"450\" allowfullscreen=\"\" style=\"\"></iframe></p>\r\n<p><span>5. O que \u00e9 Legislatura?</span></p>\r\n<p><strong>Corresponde a um per\u00edodo de 4 anos que coincide exatamente com a dura\u00e7\u00e3o do mandato dos vereadores. Tem in\u00edcio em 1\u00ba de janeiro do ano seguinte ao da elei\u00e7\u00e3o, quando se d\u00e1 a posse dos vereadores eleitos, e termina em 31 de dezembro do ano corrente \u00e0 elei\u00e7\u00e3o subsequente.</strong></p>\r\n<p><strong></strong><span>6. O que \u00e9 Sess\u00e3o Legislativa?</span></p>\r\n<p><strong>Corresponde ao per\u00edodo de trabalho parlamentar durante o ano. Divide-se em: Sess\u00e3o Legislativa Ordin\u00e1ria, Extraordin\u00e1ria, Especial e Solene. No Congresso Nacional a Sess\u00e3o Legislativa Ordin\u00e1ria inicia-se em 2 de fevereiro e encerra-se em 31 de dezembro, com recesso parlamentar de 17 a 31 de julho; com exce\u00e7\u00e3o do primeiro ano de Legislatura, que a Sess\u00e3o Legislativa Ordin\u00e1ria inicia-se em 1\u00ba de janeiro. No entanto, a Sess\u00e3o n\u00e3o ser\u00e1 interrompida enquanto n\u00e3o for aprovado o Projeto de Lei de Diretrizes Or\u00e7ament\u00e1rias pela C\u00e2mara Municipal. A Sess\u00e3o Legislativa Extraordin\u00e1ria ocorre, somente, quando houver convoca\u00e7\u00e3o extraordin\u00e1ria das autoridades competentes e somente para deliberar sobre mat\u00e9ria objeto da convoca\u00e7\u00e3o.</strong></p>", "author_name": "", "version": "1.0", "author_url": "https://www.caracarai.rr.leg.br/author/isabeleleitao28@gmail.com", "provider_name": "C\u00e2mara Municipal de Caracara\u00ed", "type": "rich"}